{"id":1401,"date":"2015-04-21T19:44:46","date_gmt":"2015-04-21T18:44:46","guid":{"rendered":"http:\/\/blog.fotousato.com\/?p=1401"},"modified":"2015-04-21T19:44:46","modified_gmt":"2015-04-21T18:44:46","slug":"21-04-2015-il-nuovo-lightroom-cc-2","status":"publish","type":"post","link":"https:\/\/www.fotousato.com\/?p=1401","title":{"rendered":"21.04.2015:  il nuovo Lightroom CC!"},"content":{"rendered":"<p>Ebbene eccolo! Adobe Photoshop Lightroom CC!<\/p>\n<p>Soddisfatti i tanti rumors che effettivamente, a parte la data di rilascio pi\u00f9 volte incerta, hanno azzeccato la maggior parte delle migliorie introdotte dalla nuova versione.<\/p>\n<p>E&#8217; confermato che la versione sar\u00e0 CC ( Creative Cloud ) e quindi compresa nel pacchetto con costo di abbonamento, ma non \u00e8 stata abbandonata l&#8217;utenza pi\u00f9 desiderosa ad avere una licenza perpetua e il software in questo caso viene nominato Lightroom\u00a06 come prevedibile, e ovviamente non offrir\u00e0 il supporto a Lightroom Mobile e Lightroom Web.<\/p>\n<p>E&#8217; ancora presto per sviscerare tutte le novit\u00e0 per bene tuttavia comincio nel confermarne alcune fra quelle annunciate mentre, con un altro task sto scaricando la nuova versione e seguendo l&#8217;annuncio di Scott Kelby on line (troppe cose contemporaneamente, quindi pazienza per gli eventuali errori presenti in questo testo ):<\/p>\n<p>Riconoscimento facciale confermato e piacevolmente funzionale;<\/p>\n<p>Incremento gamma dinamica con\u00a0HDR in software;<\/p>\n<p>Fusione fotografia per panorami in software;<\/p>\n<p>Sincronizzazione performante con il Cloud per svariate funzioni;<\/p>\n<p>Slideshow potenziato;<\/p>\n<p>Supporto per pi\u00f9 dispositivi delle funzionalit\u00e0 mobili;<\/p>\n<p>Gallerie web potenziate con template HTML5;<\/p>\n<p>Incremento delle prestazioni di catalogo e tramite GPU per la parte di elaborazione;<\/p>\n<p>Miglior controllo dei filtri GRADUATO e RADIALE attraverso la modifica della maschera di filtro;<\/p>\n<p>&#8230; e altro oltre all&#8217;evidente ed inevitabile supporto a nuove fotocamere e nuove lenti.<\/p>\n<p>&nbsp;<\/p>\n<p>Da domani, le prime prove!<\/p>\n<p>&nbsp;<\/p>\n<p>&nbsp;<\/p>\n<p>&nbsp;<\/p>\n","protected":false},"excerpt":{"rendered":"<p>Ebbene eccolo! Adobe Photoshop Lightroom CC! Soddisfatti i tanti rumors che effettivamente, a parte la data di rilascio pi\u00f9 volte incerta, hanno azzeccato la maggior parte delle migliorie introdotte dalla nuova versione. E&#8217; confermato che la versione sar\u00e0 CC ( Creative Cloud ) e quindi compresa nel pacchetto con costo di abbonamento, ma non \u00e8 stata abbandonata l&#8217;utenza pi\u00f9 desiderosa ad avere una licenza perpetua e il software in questo caso viene nominato Lightroom\u00a06 come prevedibile, e ovviamente non offrir\u00e0 [&hellip;]<\/p>\n","protected":false},"author":1,"featured_media":1400,"comment_status":"open","ping_status":"open","sticky":false,"template":"","format":"standard","meta":{"footnotes":""},"categories":[9,10,11,12,13,14,15,2,6],"tags":[75,77,85,86],"_links":{"self":[{"href":"https:\/\/www.fotousato.com\/index.php?rest_route=\/wp\/v2\/posts\/1401"}],"collection":[{"href":"https:\/\/www.fotousato.com\/index.php?rest_route=\/wp\/v2\/posts"}],"about":[{"href":"https:\/\/www.fotousato.com\/index.php?rest_route=\/wp\/v2\/types\/post"}],"author":[{"embeddable":true,"href":"https:\/\/www.fotousato.com\/index.php?rest_route=\/wp\/v2\/users\/1"}],"replies":[{"embeddable":true,"href":"https:\/\/www.fotousato.com\/index.php?rest_route=%2Fwp%2Fv2%2Fcomments&post=1401"}],"version-history":[{"count":0,"href":"https:\/\/www.fotousato.com\/index.php?rest_route=\/wp\/v2\/posts\/1401\/revisions"}],"wp:featuredmedia":[{"embeddable":true,"href":"https:\/\/www.fotousato.com\/index.php?rest_route=\/"}],"wp:attachment":[{"href":"https:\/\/www.fotousato.com\/index.php?rest_route=%2Fwp%2Fv2%2Fmedia&parent=1401"}],"wp:term":[{"taxonomy":"category","embeddable":true,"href":"https:\/\/www.fotousato.com\/index.php?rest_route=%2Fwp%2Fv2%2Fcategories&post=1401"},{"taxonomy":"post_tag","embeddable":true,"href":"https:\/\/www.fotousato.com\/index.php?rest_route=%2Fwp%2Fv2%2Ftags&post=1401"}],"curies":[{"name":"wp","href":"https:\/\/api.w.org\/{rel}","templated":true}]}}