{"id":1293,"date":"2014-02-05T17:09:21","date_gmt":"2014-02-05T16:09:21","guid":{"rendered":"http:\/\/blog.fotousato.com\/?p=1293"},"modified":"2014-02-05T17:09:21","modified_gmt":"2014-02-05T16:09:21","slug":"11-febbraio-2014-nikon-d4s-e","status":"publish","type":"post","link":"https:\/\/www.fotousato.com\/?p=1293","title":{"rendered":"25 febbraio 2014: Nikon D4s e &#8230;?"},"content":{"rendered":"<p>Conferenza stampa l&#8217;11 febbraio 2014, non saltata ma dedicata con tutta probabilit\u00e0 a qualcos&#8217;altro.<br \/>\nCerto che Nikon sembra aver cambiato politica di marketing e comincia a creare aspettative con suspence \ud83d\ude42<\/p>\n<p>Ecco che ora che aspettiamo domani l&#8217;apertura del CP+ Show in Giappone ( Camera &amp; Photo Imaging Show), fiera annuale dedicata alla fotografia o meglio agli strumenti che generano fotografie e filmati.<br \/>\n<em>Appuntamento saltato anche questo, almeno per la Nikon D4s!<\/em><\/p>\n<p>Ora, i rumors pi\u00f9 accreditati danno per data possibile il 25 febbraio 2014 oppure il 27 visto che in alcuni paesi Nikon ha organizzato conferenze stampa in tale data.<\/p>\n<p>Con una certezza alquanto strana per un rumors ( ma Nikon ha saputo stavolta per prima creare un rumors ufficiale ), sicuramente verranno presentate le caratteristiche tecniche della nuova ammiraglia Nikon D4s che ha gi\u00e0 avuto ufficiale presentazione seppur chiusa in una teca.<\/p>\n<p>Ecco una &#8220;ipotesi&#8221; delle caratteristiche della nuova top di gamma Nikon:<\/p>\n<ul>\n<li>Sensore da 16Mpx;<\/li>\n<li>velocit\u00e0 di scatto corrispondente a circa 12fps;<\/li>\n<li>velocit\u00e0 e precisione dell&#8217;autofocus migliorata oltre che possibilit\u00e0 di focheggiare in modalit\u00e0 3D con 9 o 21 punti;<\/li>\n<li>motore Expeed 4;<\/li>\n<li>doppia CF Card ( alcune ipotesi sembrano confermare invece l&#8217;abbinata XQD + CF );<\/li>\n<li>capacit\u00e0 video migliorate ( alcune ipotesi immaginano il video 4k) con filmati FullHD a 60fps;<\/li>\n<li>Iso: 100-25.600 nativi;<\/li>\n<li>Intervallometro potenziato per registrazione time-lapse con la possibilit\u00e0 di modifica in 1\/6 di stop dell&#8217;intervallo di esposizione;<\/li>\n<li>incremento della capacit\u00e0 esposimetriche oltre il -1EV;<\/li>\n<li>i 15 sensori a croce supporteranno tutti l&#8217;F\/8;<\/li>\n<li>Prezzo indicativo come la gi\u00e0 non pi\u00f9 reperibile nei negozi.<\/li>\n<\/ul>\n<p>Questi i rumors ( ovviamente tutti da confermare ) pi\u00f9 accreditati.<\/p>\n<p>&nbsp;<\/p>\n<p>Ma sono anche altre le attese, sul fronte ottiche per lo pi\u00f9:<\/p>\n<p>la grande attesa \u00e8 soprattutto per il Nikkor AF-S 300 F\/4 ED VR che in molti nel mercato amatoriale attendono con trepidazione, tuttavia, c&#8217;\u00e8 un discreto vociferare anche per un possibile AF-S 300 F\/2.8 VRIII: quindi, appare probabile che che possa essere un nuovo 300 Nikkor in presentazione.<\/p>\n<p>Come sempre, staremo a vedere.<br \/>\nA rileggerci dopo l&#8217;11 settembre!<\/p>\n","protected":false},"excerpt":{"rendered":"<p>Conferenza stampa l&#8217;11 febbraio 2014, non saltata ma dedicata con tutta probabilit\u00e0 a qualcos&#8217;altro. Certo che Nikon sembra aver cambiato politica di marketing e comincia a creare aspettative con suspence \ud83d\ude42 Ecco che ora che aspettiamo domani l&#8217;apertura del CP+ Show in Giappone ( Camera &amp; Photo Imaging Show), fiera annuale dedicata alla fotografia o meglio agli strumenti che generano fotografie e filmati. Appuntamento saltato anche questo, almeno per la Nikon D4s! Ora, i rumors pi\u00f9 accreditati danno per data [&hellip;]<\/p>\n","protected":false},"author":1,"featured_media":1295,"comment_status":"open","ping_status":"open","sticky":false,"template":"","format":"standard","meta":{"footnotes":""},"categories":[16],"tags":[18,20,28,47,110],"_links":{"self":[{"href":"https:\/\/www.fotousato.com\/index.php?rest_route=\/wp\/v2\/posts\/1293"}],"collection":[{"href":"https:\/\/www.fotousato.com\/index.php?rest_route=\/wp\/v2\/posts"}],"about":[{"href":"https:\/\/www.fotousato.com\/index.php?rest_route=\/wp\/v2\/types\/post"}],"author":[{"embeddable":true,"href":"https:\/\/www.fotousato.com\/index.php?rest_route=\/wp\/v2\/users\/1"}],"replies":[{"embeddable":true,"href":"https:\/\/www.fotousato.com\/index.php?rest_route=%2Fwp%2Fv2%2Fcomments&post=1293"}],"version-history":[{"count":0,"href":"https:\/\/www.fotousato.com\/index.php?rest_route=\/wp\/v2\/posts\/1293\/revisions"}],"wp:featuredmedia":[{"embeddable":true,"href":"https:\/\/www.fotousato.com\/index.php?rest_route=\/"}],"wp:attachment":[{"href":"https:\/\/www.fotousato.com\/index.php?rest_route=%2Fwp%2Fv2%2Fmedia&parent=1293"}],"wp:term":[{"taxonomy":"category","embeddable":true,"href":"https:\/\/www.fotousato.com\/index.php?rest_route=%2Fwp%2Fv2%2Fcategories&post=1293"},{"taxonomy":"post_tag","embeddable":true,"href":"https:\/\/www.fotousato.com\/index.php?rest_route=%2Fwp%2Fv2%2Ftags&post=1293"}],"curies":[{"name":"wp","href":"https:\/\/api.w.org\/{rel}","templated":true}]}}