{"id":11675,"date":"2018-11-09T09:54:00","date_gmt":"2018-11-09T08:54:00","guid":{"rendered":"http:\/\/www.fotousato.com\/?p=11675"},"modified":"2021-03-22T16:06:49","modified_gmt":"2021-03-22T15:06:49","slug":"santa-lucia-di-piave-secondo-corso-base-di-fotografia-2-0","status":"publish","type":"post","link":"https:\/\/www.fotousato.com\/?p=11675","title":{"rendered":"Santa Lucia di Piave: secondo corso base di fotografia 2.0"},"content":{"rendered":"<p>Ancora una volta (l&#8217;ottava) sono a riconoscere che l&#8217;incontro fra persone accomunate da una passione e\/o dal desiderio di comprendere ha il risultato quasi magico: diventa una ricchezza per entrambi i soggetti, sia per chi si presume debba raccogliere informazione e competenze ma anche da parte di chi ha il compito di trasmetterle.<\/p>\n<p>Un incontro di persone \u00e8 sempre uno scambio alla pari, di idee, di conoscenze, di esperienze&#8230; tutti ne escono arricchiti.<\/p>\n<p>Grazie quindi a tutti i partecipanti, all&#8217;oratorio Beato Fra Claudio che ha consentito questo piacevole ed arricchente incontro.<\/p>\n<p>Gennaio \u00e8 stato un mese freddo (di temperatura) e l&#8217;uscita pratica ha avuto la necessit\u00e0 di riparare al bar e in luoghi chiusi per poter scattare qualche immagine per far in modo che mani intirizzite non soffrissero troppo.<br \/>\nNonostante questo per\u00f2, molti erano presenti e pieni di entusiasmo per poter conoscere meglio la propria fotocamera e le modalit\u00e0 pi\u00f9 adeguate di esposizione ed inquadratura<\/p>\n<p>Ancora grazie.<\/p>\n<p>Una immagine a ricordo di questo incontro fra persone<\/p>\n<figure id=\"attachment_11678\" aria-describedby=\"caption-attachment-11678\" style=\"width: 756px\" class=\"wp-caption alignnone\"><img decoding=\"async\" loading=\"lazy\" class=\"wp-image-11678 size-large\" src=\"https:\/\/www.fotousato.com\/wp-content\/uploads\/2018\/11\/DL81794-1024x683.jpg\" alt=\"\" width=\"756\" height=\"504\" srcset=\"https:\/\/www.fotousato.com\/wp-content\/uploads\/2018\/11\/DL81794-1024x683.jpg 1024w, https:\/\/www.fotousato.com\/wp-content\/uploads\/2018\/11\/DL81794-300x200.jpg 300w, https:\/\/www.fotousato.com\/wp-content\/uploads\/2018\/11\/DL81794-768x512.jpg 768w, https:\/\/www.fotousato.com\/wp-content\/uploads\/2018\/11\/DL81794-1400x933.jpg 1400w, https:\/\/www.fotousato.com\/wp-content\/uploads\/2018\/11\/DL81794-800x533.jpg 800w, https:\/\/www.fotousato.com\/wp-content\/uploads\/2018\/11\/DL81794.jpg 1920w\" sizes=\"(max-width: 756px) 100vw, 756px\" \/><figcaption id=\"caption-attachment-11678\" class=\"wp-caption-text\">Corso base 2.0 di fotografia digitale &#8211; S.Lucia di Piave 2019<\/figcaption><\/figure>\n","protected":false},"excerpt":{"rendered":"<p>Ancora una volta (l&#8217;ottava) sono a riconoscere che l&#8217;incontro fra persone accomunate da una passione e\/o dal desiderio di comprendere ha il risultato quasi magico: diventa una ricchezza per entrambi i soggetti, sia per chi si presume debba raccogliere informazione e competenze ma anche da parte di chi ha il compito di trasmetterle. Un incontro di persone \u00e8 sempre uno scambio alla pari, di idee, di conoscenze, di esperienze&#8230; tutti ne escono arricchiti. Grazie quindi a tutti i partecipanti, all&#8217;oratorio [&hellip;]<\/p>\n","protected":false},"author":1,"featured_media":11678,"comment_status":"open","ping_status":"open","sticky":false,"template":"","format":"standard","meta":{"footnotes":""},"categories":[8],"tags":[38,39,71],"_links":{"self":[{"href":"https:\/\/www.fotousato.com\/index.php?rest_route=\/wp\/v2\/posts\/11675"}],"collection":[{"href":"https:\/\/www.fotousato.com\/index.php?rest_route=\/wp\/v2\/posts"}],"about":[{"href":"https:\/\/www.fotousato.com\/index.php?rest_route=\/wp\/v2\/types\/post"}],"author":[{"embeddable":true,"href":"https:\/\/www.fotousato.com\/index.php?rest_route=\/wp\/v2\/users\/1"}],"replies":[{"embeddable":true,"href":"https:\/\/www.fotousato.com\/index.php?rest_route=%2Fwp%2Fv2%2Fcomments&post=11675"}],"version-history":[{"count":4,"href":"https:\/\/www.fotousato.com\/index.php?rest_route=\/wp\/v2\/posts\/11675\/revisions"}],"predecessor-version":[{"id":11690,"href":"https:\/\/www.fotousato.com\/index.php?rest_route=\/wp\/v2\/posts\/11675\/revisions\/11690"}],"wp:featuredmedia":[{"embeddable":true,"href":"https:\/\/www.fotousato.com\/index.php?rest_route=\/wp\/v2\/media\/11678"}],"wp:attachment":[{"href":"https:\/\/www.fotousato.com\/index.php?rest_route=%2Fwp%2Fv2%2Fmedia&parent=11675"}],"wp:term":[{"taxonomy":"category","embeddable":true,"href":"https:\/\/www.fotousato.com\/index.php?rest_route=%2Fwp%2Fv2%2Fcategories&post=11675"},{"taxonomy":"post_tag","embeddable":true,"href":"https:\/\/www.fotousato.com\/index.php?rest_route=%2Fwp%2Fv2%2Ftags&post=11675"}],"curies":[{"name":"wp","href":"https:\/\/api.w.org\/{rel}","templated":true}]}}