{"id":11623,"date":"2018-11-06T18:11:06","date_gmt":"2018-11-06T17:11:06","guid":{"rendered":"http:\/\/ww.fotousato.com\/?p=11623"},"modified":"2018-11-06T18:35:35","modified_gmt":"2018-11-06T17:35:35","slug":"corso-base-di-fotografia-a-farra-di-soligo-2","status":"publish","type":"post","link":"https:\/\/www.fotousato.com\/?p=11623","title":{"rendered":"Santa Lucia di Piave: corso base di fotografia 2.0"},"content":{"rendered":"<p>Le occasioni permettono di crescere, gli incontri consentono di mettersi in discussione, l&#8217;impegno ad incontrare richiede entusiasmo e fiducia&#8230; ma ci\u00f2 che se ne riceve supera questo impegno!<\/p>\n<p>L&#8217;Oratorio Beato Fr\u00e0 Claudio di Santa Lucia di Piave mi ha interpellato per una edizione del corso base di fotografia (digitale) ormai gi\u00e0 rodato in diversi comuni.<br \/>\nL&#8217;occasione e la volont\u00e0 di rinnovare mi ha reso possibile unire le mie forze a quelle di 3 conoscenti, anche loro soci del Fotoclub Sernaglia, ognuno con esperienze ed et\u00e0 differenti, con il proposito di realizzare una versione 2.0 del mio solito corso base.<\/p>\n<p>Sono rimasti i classi 4 incontri serali come struttura portante tuttavia, la conduzione di questi ha visto la partecipazione a volte alternata a volte simultanea oltre a me anche di Andrea Olivotto, Giulia Bottega e Luca Sperandio.<\/p>\n<p>Ho &#8220;visto&#8221; questi ultimi 2 come partecipanti ad una mia precedente edizione del corso base e trovarmeli oggi fianco a fianco nel far crescere questo &#8220;percorso formativo&#8221; \u00e8 vi assicuro, una bella soddisfazione anche se riconosco che il merito non \u00e8 certo mio, ma del loro impegno, della loro creativit\u00e0 e crescita personale.<\/p>\n<p>Le iscrizioni hanno superato le pi\u00f9 rosee aspettative tanto che abbiamo subito dovuto dare disponibilit\u00e0 per un altro ciclo di incontri che partiranno nel mese di gennaio 2019.<\/p>\n<p>A coronamento di tutto, rimane come sempre una (in questo caso 3) immagine che ricorda questo incontro di appassionati, scusandomi come sempre con chi per ragioni personali\u00a0non ha potuto essere presente alle uscite pratiche organizzazione a e quindi non appare nelle foto dei gruppi di lavoro.<\/p>\n<p>Grazie a tutti.<br \/>\nLuigi Dorigo<\/p>\n<p>&nbsp;<\/p>\n<p>Le immagini dei gruppi di lavoro durante le 2 uscite fotografiche pratiche effettuate dividendo il gruppo per un lavoro pi\u00f9 attento.<\/p>\n<p><img decoding=\"async\" loading=\"lazy\" class=\"alignnone size-medium wp-image-11626\" src=\"http:\/\/ww.fotousato.com\/wp-content\/uploads\/2018\/11\/WhatsApp-Image-2018-10-22-at-18.24.33-1-300x200.jpeg\" alt=\"\" width=\"300\" height=\"200\" srcset=\"https:\/\/www.fotousato.com\/wp-content\/uploads\/2018\/11\/WhatsApp-Image-2018-10-22-at-18.24.33-1-300x200.jpeg 300w, https:\/\/www.fotousato.com\/wp-content\/uploads\/2018\/11\/WhatsApp-Image-2018-10-22-at-18.24.33-1-768x512.jpeg 768w, https:\/\/www.fotousato.com\/wp-content\/uploads\/2018\/11\/WhatsApp-Image-2018-10-22-at-18.24.33-1-1024x682.jpeg 1024w, https:\/\/www.fotousato.com\/wp-content\/uploads\/2018\/11\/WhatsApp-Image-2018-10-22-at-18.24.33-1-1400x933.jpeg 1400w, https:\/\/www.fotousato.com\/wp-content\/uploads\/2018\/11\/WhatsApp-Image-2018-10-22-at-18.24.33-1-800x533.jpeg 800w, https:\/\/www.fotousato.com\/wp-content\/uploads\/2018\/11\/WhatsApp-Image-2018-10-22-at-18.24.33-1.jpeg 1600w\" sizes=\"(max-width: 300px) 100vw, 300px\" \/> <img decoding=\"async\" loading=\"lazy\" class=\"alignnone size-medium wp-image-11624\" src=\"http:\/\/ww.fotousato.com\/wp-content\/uploads\/2018\/11\/WhatsApp-Image-2018-10-22-at-18.24.33-300x200.jpeg\" alt=\"\" width=\"300\" height=\"200\" srcset=\"https:\/\/www.fotousato.com\/wp-content\/uploads\/2018\/11\/WhatsApp-Image-2018-10-22-at-18.24.33-300x200.jpeg 300w, https:\/\/www.fotousato.com\/wp-content\/uploads\/2018\/11\/WhatsApp-Image-2018-10-22-at-18.24.33-768x512.jpeg 768w, https:\/\/www.fotousato.com\/wp-content\/uploads\/2018\/11\/WhatsApp-Image-2018-10-22-at-18.24.33-1024x682.jpeg 1024w, https:\/\/www.fotousato.com\/wp-content\/uploads\/2018\/11\/WhatsApp-Image-2018-10-22-at-18.24.33-1400x933.jpeg 1400w, https:\/\/www.fotousato.com\/wp-content\/uploads\/2018\/11\/WhatsApp-Image-2018-10-22-at-18.24.33-800x533.jpeg 800w, https:\/\/www.fotousato.com\/wp-content\/uploads\/2018\/11\/WhatsApp-Image-2018-10-22-at-18.24.33.jpeg 1600w\" sizes=\"(max-width: 300px) 100vw, 300px\" \/> <img decoding=\"async\" loading=\"lazy\" class=\"alignnone size-medium wp-image-11625\" src=\"http:\/\/ww.fotousato.com\/wp-content\/uploads\/2018\/11\/WhatsApp-Image-2018-10-21-at-21.35.45-300x200.jpeg\" alt=\"\" width=\"300\" height=\"200\" srcset=\"https:\/\/www.fotousato.com\/wp-content\/uploads\/2018\/11\/WhatsApp-Image-2018-10-21-at-21.35.45-300x200.jpeg 300w, https:\/\/www.fotousato.com\/wp-content\/uploads\/2018\/11\/WhatsApp-Image-2018-10-21-at-21.35.45-768x512.jpeg 768w, https:\/\/www.fotousato.com\/wp-content\/uploads\/2018\/11\/WhatsApp-Image-2018-10-21-at-21.35.45.jpeg 1024w, https:\/\/www.fotousato.com\/wp-content\/uploads\/2018\/11\/WhatsApp-Image-2018-10-21-at-21.35.45-800x534.jpeg 800w\" sizes=\"(max-width: 300px) 100vw, 300px\" \/><\/p>\n<p>&nbsp;<\/p>\n<p>Un giusto riconoscimento ai &#8220;conduttori&#8221;, durante una pausa rinfrescante al termine dell&#8217;ultima serata<\/p>\n<p><a href=\"http:\/\/blog.fotousato.com\/wp-content\/uploads\/2017\/09\/fotodigruppoCorsoBase2016_2-1024x684.jpg\"><img decoding=\"async\" loading=\"lazy\" class=\"alignnone size-large wp-image-1474\" src=\"http:\/\/blog.fotousato.com\/wp-content\/uploads\/2017\/09\/fotodigruppoCorsoBase2016_2-1024x684-1024x684.jpg\" alt=\"\" width=\"650\" height=\"434\" \/><\/a> <a href=\"http:\/\/blog.fotousato.com\/?attachment_id=1475\" rel=\"attachment wp-att-1475\"><img decoding=\"async\" loading=\"lazy\" class=\"alignnone size-large wp-image-1475\" src=\"http:\/\/blog.fotousato.com\/wp-content\/uploads\/2017\/09\/fotodigruppoCorsoBase2016_3-1024x684-1024x684.jpg\" alt=\"\" width=\"650\" height=\"434\" \/><\/a> <img decoding=\"async\" loading=\"lazy\" class=\"alignnone size-large wp-image-1476\" src=\"http:\/\/blog.fotousato.com\/wp-content\/uploads\/2017\/09\/fotodigruppoCorsoBase2016_1-1024x684-1024x684.jpg\" alt=\"\" width=\"650\" height=\"434\" \/><img decoding=\"async\" loading=\"lazy\" class=\"alignnone wp-image-11631 size-large\" src=\"http:\/\/ww.fotousato.com\/wp-content\/uploads\/2018\/11\/WhatsApp-Image-2018-10-27-at-18.14.30-1024x576.jpg\" alt=\"\" width=\"756\" height=\"425\" srcset=\"https:\/\/www.fotousato.com\/wp-content\/uploads\/2018\/11\/WhatsApp-Image-2018-10-27-at-18.14.30.jpg 1024w, https:\/\/www.fotousato.com\/wp-content\/uploads\/2018\/11\/WhatsApp-Image-2018-10-27-at-18.14.30-300x169.jpg 300w, https:\/\/www.fotousato.com\/wp-content\/uploads\/2018\/11\/WhatsApp-Image-2018-10-27-at-18.14.30-768x432.jpg 768w, https:\/\/www.fotousato.com\/wp-content\/uploads\/2018\/11\/WhatsApp-Image-2018-10-27-at-18.14.30-800x450.jpg 800w\" sizes=\"(max-width: 756px) 100vw, 756px\" \/><\/p>\n","protected":false},"excerpt":{"rendered":"<p>Le occasioni permettono di crescere, gli incontri consentono di mettersi in discussione, l&#8217;impegno ad incontrare richiede entusiasmo e fiducia&#8230; ma ci\u00f2 che se ne riceve supera questo impegno! L&#8217;Oratorio Beato Fr\u00e0 Claudio di Santa Lucia di Piave mi ha interpellato per una edizione del corso base di fotografia (digitale) ormai gi\u00e0 rodato in diversi comuni. L&#8217;occasione e la volont\u00e0 di rinnovare mi ha reso possibile unire le mie forze a quelle di 3 conoscenti, anche loro soci del Fotoclub Sernaglia, [&hellip;]<\/p>\n","protected":false},"author":1,"featured_media":11626,"comment_status":"open","ping_status":"open","sticky":false,"template":"","format":"standard","meta":{"footnotes":""},"categories":[8],"tags":[38,39,71],"_links":{"self":[{"href":"https:\/\/www.fotousato.com\/index.php?rest_route=\/wp\/v2\/posts\/11623"}],"collection":[{"href":"https:\/\/www.fotousato.com\/index.php?rest_route=\/wp\/v2\/posts"}],"about":[{"href":"https:\/\/www.fotousato.com\/index.php?rest_route=\/wp\/v2\/types\/post"}],"author":[{"embeddable":true,"href":"https:\/\/www.fotousato.com\/index.php?rest_route=\/wp\/v2\/users\/1"}],"replies":[{"embeddable":true,"href":"https:\/\/www.fotousato.com\/index.php?rest_route=%2Fwp%2Fv2%2Fcomments&post=11623"}],"version-history":[{"count":4,"href":"https:\/\/www.fotousato.com\/index.php?rest_route=\/wp\/v2\/posts\/11623\/revisions"}],"predecessor-version":[{"id":11632,"href":"https:\/\/www.fotousato.com\/index.php?rest_route=\/wp\/v2\/posts\/11623\/revisions\/11632"}],"wp:featuredmedia":[{"embeddable":true,"href":"https:\/\/www.fotousato.com\/index.php?rest_route=\/wp\/v2\/media\/11626"}],"wp:attachment":[{"href":"https:\/\/www.fotousato.com\/index.php?rest_route=%2Fwp%2Fv2%2Fmedia&parent=11623"}],"wp:term":[{"taxonomy":"category","embeddable":true,"href":"https:\/\/www.fotousato.com\/index.php?rest_route=%2Fwp%2Fv2%2Fcategories&post=11623"},{"taxonomy":"post_tag","embeddable":true,"href":"https:\/\/www.fotousato.com\/index.php?rest_route=%2Fwp%2Fv2%2Ftags&post=11623"}],"curies":[{"name":"wp","href":"https:\/\/api.w.org\/{rel}","templated":true}]}}